{"id":9904,"date":"2025-10-22T16:32:39","date_gmt":"2025-10-22T14:32:39","guid":{"rendered":"https:\/\/basquetcoruna.com\/?p=9904"},"modified":"2025-10-22T16:32:39","modified_gmt":"2025-10-22T14:32:39","slug":"dino-radoncic-reforzo-para-o-leyma-coruna","status":"publish","type":"post","link":"https:\/\/basquetcoruna.com\/gl\/dino-radoncic-reforzo-para-o-leyma-coruna\/","title":{"rendered":"Dino Radon\u010di\u0107, reforzo para o Leyma Coru\u00f1a"},"content":{"rendered":"<p><em>O novo alero de dobre nacionalidade (serbia e montenegrina) conta con ampla experiencia no noso pa\u00eds, tanto en Liga Endesa como en Primeira FEB.<\/em><\/p>\n<p>A Coru\u00f1a, 22 de Outubro de 2025.- O Leyma Coru\u00f1a anuncia a chegada de Dino Radon\u010di\u0107 (Giessen, Alema\u00f1a, 8 de xaneiro do 1999; 202cm) como novo xogador para a tempada 2025-26. Dino \u00e9 un alero que tam\u00e9n pode xogar de \u00e1-pivote que, a pesar da s\u00faa mocidade, ten \u00e1s s\u00faas costas unha ampla carreira no noso pa\u00eds. Ademais, \u00e9 un membro habitual das convocatorias da selecci\u00f3n de Montenegro, coa que disputou torneos como o Eurobasket.<\/p>\n<p>Comezou a xogar a baloncesto en Serbia, no KK Un Grande Zrenjanin, pero pronto chamou a atenci\u00f3n do Bar\u00e7a, onde chegou na tempada 2013-14 en idade cadete. Con todo, desde a tempada 2014-15 en diante, completou a s\u00faa formaci\u00f3n nas categor\u00edas inferiores do Real Madrid, chegando a debutar con 16 anos en Liga Endesa e en Euroliga. Militando no club branco ga\u00f1ou unha Liga Endesa e unha Euroliga.<\/p>\n<p>Tras varios anos en diversos equipos da xeograf\u00eda espa\u00f1ola (San Pablo Burgos, UCAM Murcia, Tenerife, Gipuzkoa e Zaragoza), na tempada 2023-24 recala no Bayern de Munich, un dos grandes equipos europeos co que tam\u00e9n disputa a Euroliga. A pasada tempada volveu ao noso pa\u00eds asinando con Real Betis, equipo co que foi campi\u00f3n da Final Four de Primeira FEB. No equipo sevillano promedi\u00f3 9.3 puntos, 5.2 rebotes e 1.5 asistencias por partido.<\/p>\n<p>Dino \u00e9 un xogador grande e moi polivalente, que pode xogar tanto de 3 como de 4. No aspecto ofensivo pode desempe\u00f1ar situaci\u00f3ns pr\u00f3ximas ao aro e xogar tam\u00e9n situaci\u00f3ns dun por un afastadas do aro. No \u00e1mbito defensivo ten capacidade para defender forte, polo que pode ser un gran defensor.<\/p>\n<p>Bienvenido ao club e \u00e1 Coru\u00f1a, Dino!<\/p>\n","protected":false},"excerpt":{"rendered":"<p>O novo alero de dobre nacionalidade (serbia e montenegrina) conta con ampla experiencia no noso pa\u00eds, tanto en Liga Endesa como en Primeira FEB. A Coru\u00f1a, 22 de Outubro de 2025.- O Leyma Coru\u00f1a anuncia a chegada de Dino Radon\u010di\u0107 (Giessen, Alema\u00f1a, 8 de xaneiro do 1999; 202cm) como novo xogador para a tempada 2025-26. [&hellip;]<\/p>\n","protected":false},"author":7,"featured_media":9899,"comment_status":"closed","ping_status":"closed","sticky":false,"template":"","format":"standard","meta":{"inline_featured_image":false,"footnotes":""},"categories":[1],"tags":[],"class_list":["post-9904","post","type-post","status-publish","format-standard","has-post-thumbnail","hentry","category-primer-equipo-gl"],"_links":{"self":[{"href":"https:\/\/basquetcoruna.com\/gl\/wp-json\/wp\/v2\/posts\/9904","targetHints":{"allow":["GET"]}}],"collection":[{"href":"https:\/\/basquetcoruna.com\/gl\/wp-json\/wp\/v2\/posts"}],"about":[{"href":"https:\/\/basquetcoruna.com\/gl\/wp-json\/wp\/v2\/types\/post"}],"author":[{"embeddable":true,"href":"https:\/\/basquetcoruna.com\/gl\/wp-json\/wp\/v2\/users\/7"}],"replies":[{"embeddable":true,"href":"https:\/\/basquetcoruna.com\/gl\/wp-json\/wp\/v2\/comments?post=9904"}],"version-history":[{"count":1,"href":"https:\/\/basquetcoruna.com\/gl\/wp-json\/wp\/v2\/posts\/9904\/revisions"}],"predecessor-version":[{"id":9906,"href":"https:\/\/basquetcoruna.com\/gl\/wp-json\/wp\/v2\/posts\/9904\/revisions\/9906"}],"wp:featuredmedia":[{"embeddable":true,"href":"https:\/\/basquetcoruna.com\/gl\/wp-json\/wp\/v2\/media\/9899"}],"wp:attachment":[{"href":"https:\/\/basquetcoruna.com\/gl\/wp-json\/wp\/v2\/media?parent=9904"}],"wp:term":[{"taxonomy":"category","embeddable":true,"href":"https:\/\/basquetcoruna.com\/gl\/wp-json\/wp\/v2\/categories?post=9904"},{"taxonomy":"post_tag","embeddable":true,"href":"https:\/\/basquetcoruna.com\/gl\/wp-json\/wp\/v2\/tags?post=9904"}],"curies":[{"name":"wp","href":"https:\/\/api.w.org\/{rel}","templated":true}]}}