{"id":9894,"date":"2025-10-22T15:48:06","date_gmt":"2025-10-22T13:48:06","guid":{"rendered":"https:\/\/basquetcoruna.com\/?p=9894"},"modified":"2025-10-22T15:48:06","modified_gmt":"2025-10-22T13:48:06","slug":"o-club-basquet-coruna-anuncia-a-saida-de-yoanki-mencia","status":"publish","type":"post","link":"https:\/\/basquetcoruna.com\/gl\/o-club-basquet-coruna-anuncia-a-saida-de-yoanki-mencia\/","title":{"rendered":"O Club B\u00e1squet Coru\u00f1a anuncia a sa\u00edda de Yoanki Menc\u00eda"},"content":{"rendered":"<p>O Club B\u00e1squet Coru\u00f1a anuncia que, tras co\u00f1ecer a sentenza de conformidade acordada ante a autoridade xudicial en relaci\u00f3n con denuncias por violencia de x\u00e9nero, acordou rescindir, de mutuo acordo co xogador, o contrato de Yoanki Menc\u00eda. Esta decisi\u00f3n ad\u00f3ptase despois de que o xogador aceptase dita resoluci\u00f3n xudicial, reco\u00f1ecendo a s\u00faa responsabilidade en parte dos feitos denunciados, anteriores \u00e1 s\u00faa fichaxe, extremos que o Club desco\u00f1ec\u00eda no momento da s\u00faa contrataci\u00f3n (30 de xu\u00f1o).<\/p>\n<p>D\u00edas despois da s\u00faa fichaxe, o Club tivo co\u00f1ecemento das acusaci\u00f3ns de que era obxecto o xogador a trav\u00e9s dunha mensaxe an\u00f3nima privada recibido nas redes sociais da entidade. Seguidamente o Club contactou co axente e o club de orixe do xogador. En ambos os casos reco\u00f1eceron estar informados da existencia destas denuncias, pero xa nunha data posterior \u00e1 contrataci\u00f3n. As\u00ed mesmo, o Club contrastou a informaci\u00f3n co xogador, quen defendeu a s\u00faa inocencia desde o primeiro momento.<\/p>\n<p>Durante este tempo, o Club respectou a presunci\u00f3n de inocencia e o dereito do xogador para defender a s\u00faa postura ante as autoridades xudiciais. Tras declarar en sede xudicial e reco\u00f1ecerse responsable de parte dos delitos de que foi acusado, o Club apartou ao xogador da disciplina do primeiro equipo, acordando hoxe finalmente a s\u00faa sa\u00edda con data inmediata.<\/p>\n<p>A actuaci\u00f3n do Club limitouse estritamente \u00e1 adopci\u00f3n de medidas internas necesarias para protexer os seus intereses deportivos e contractuais, con pleno respecto ao procedemento xudicial e sen interferir no seu desenvolvemento.<\/p>\n<p>Ademais da sa\u00edda do xogador e como medida inmediata para salvagardar os valores da entidade, o Club reforzar\u00e1 o seu regulamento de r\u00e9xime interno que rexe a conduta e a disciplina dos xogadores. O Club seguir\u00e1 traballando por promover os valores sociais que deben rodear ao deporte, principios que a entidade laranxa ha impulsado ao longo dos seus trinta anos de vida e seguir\u00e1 defendendo como parte da s\u00faa responsabilidade social.<\/p>\n","protected":false},"excerpt":{"rendered":"<p>O Club B\u00e1squet Coru\u00f1a anuncia que, tras co\u00f1ecer a sentenza de conformidade acordada ante a autoridade xudicial en relaci\u00f3n con denuncias por violencia de x\u00e9nero, acordou rescindir, de mutuo acordo co xogador, o contrato de Yoanki Menc\u00eda. Esta decisi\u00f3n ad\u00f3ptase despois de que o xogador aceptase dita resoluci\u00f3n xudicial, reco\u00f1ecendo a s\u00faa responsabilidade en parte [&hellip;]<\/p>\n","protected":false},"author":7,"featured_media":9770,"comment_status":"closed","ping_status":"closed","sticky":false,"template":"","format":"standard","meta":{"inline_featured_image":false,"footnotes":""},"categories":[1],"tags":[],"class_list":["post-9894","post","type-post","status-publish","format-standard","has-post-thumbnail","hentry","category-primer-equipo-gl"],"_links":{"self":[{"href":"https:\/\/basquetcoruna.com\/gl\/wp-json\/wp\/v2\/posts\/9894","targetHints":{"allow":["GET"]}}],"collection":[{"href":"https:\/\/basquetcoruna.com\/gl\/wp-json\/wp\/v2\/posts"}],"about":[{"href":"https:\/\/basquetcoruna.com\/gl\/wp-json\/wp\/v2\/types\/post"}],"author":[{"embeddable":true,"href":"https:\/\/basquetcoruna.com\/gl\/wp-json\/wp\/v2\/users\/7"}],"replies":[{"embeddable":true,"href":"https:\/\/basquetcoruna.com\/gl\/wp-json\/wp\/v2\/comments?post=9894"}],"version-history":[{"count":1,"href":"https:\/\/basquetcoruna.com\/gl\/wp-json\/wp\/v2\/posts\/9894\/revisions"}],"predecessor-version":[{"id":9896,"href":"https:\/\/basquetcoruna.com\/gl\/wp-json\/wp\/v2\/posts\/9894\/revisions\/9896"}],"wp:featuredmedia":[{"embeddable":true,"href":"https:\/\/basquetcoruna.com\/gl\/wp-json\/wp\/v2\/media\/9770"}],"wp:attachment":[{"href":"https:\/\/basquetcoruna.com\/gl\/wp-json\/wp\/v2\/media?parent=9894"}],"wp:term":[{"taxonomy":"category","embeddable":true,"href":"https:\/\/basquetcoruna.com\/gl\/wp-json\/wp\/v2\/categories?post=9894"},{"taxonomy":"post_tag","embeddable":true,"href":"https:\/\/basquetcoruna.com\/gl\/wp-json\/wp\/v2\/tags?post=9894"}],"curies":[{"name":"wp","href":"https:\/\/api.w.org\/{rel}","templated":true}]}}