{"id":9807,"date":"2025-10-20T11:35:55","date_gmt":"2025-10-20T09:35:55","guid":{"rendered":"https:\/\/basquetcoruna.com\/?p=9807"},"modified":"2025-10-20T14:06:27","modified_gmt":"2025-10-20T12:06:27","slug":"afaco-e-a-sua-loita-contra-o-alzheimer-seran-homenaxeadas-grazas-ao-programa-16-partidos-16-causas-de-grupo-osmos","status":"publish","type":"post","link":"https:\/\/basquetcoruna.com\/gl\/afaco-e-a-sua-loita-contra-o-alzheimer-seran-homenaxeadas-grazas-ao-programa-16-partidos-16-causas-de-grupo-osmos\/","title":{"rendered":"AFACO e a s\u00faa loita contra o Alzheimer, protagonistas de \u201c16 partidos, 16 causas\u201d do Grupo Osmos"},"content":{"rendered":"<p>O Club B\u00e1squet Coru\u00f1a e Grupo Osmos, a trav\u00e9s do programa \u201c16 partidos, 16 causas\u201d, reco\u00f1eceron no partido desta fin de semana o labor da Asociaci\u00f3n de Familiares de Enfermos de Alzheimer da Coru\u00f1a (AFACO), unha entidade que desde fai m\u00e1is de tres d\u00e9cadas traballa para mellorar a calidade de vida das persoas afectadas por esta enfermidade e das s\u00faas familias.<\/p>\n<p>AFACO leva desde os anos 90 impulsando a visibilidade e comprensi\u00f3n do Alzheimer, unha enfermidade que afecta a unha de cada cinco persoas maiores de 65 anos e a unha de cada tres maiores de 85. S\u00f3 na cidade da Coru\u00f1a est\u00edmase que unhas 27.400 persoas conviven con Alzheimer ou outras demencias, unha cifra superior \u00e1 doutras provincias galegas.<\/p>\n<p>A asociaci\u00f3n pon o foco nos m\u00faltiples retos que afrontan tanto os pacientes como as s\u00faas familias, especialmente as mulleres, que seguen sendo as principais coidadoras. Entre os factores que inciden na situaci\u00f3n destacan o atraso nos diagn\u00f3sticos, a dificultade de acceso a axudas p\u00fablicas, o envellecemento poboacional e as esixencias do ritmo de vida actual.<\/p>\n<p>Actualmente, AFACO atende a uns 200 usuarios nos seus tres centros de d\u00eda situados no barrio das flores e San Diego. Ademais de ofrecer atenci\u00f3n directa, a entidade desenvolve un intenso labor para mobilizar recursos, apoiar aos coidadores, frear a deterioraci\u00f3n dos enfermos e promover a formaci\u00f3n e sensibilizaci\u00f3n social en torno ao Alzheimer.<\/p>\n<p>A homenaxe realizada baixo a iniciativa &#8220;16 partidos, 16 causas\u201d patrocinado polo Grupo Osmos, tivo lugar o venres 17 de outubro no Coliseum, durante o encontro fronte a Palmer Mallorca Basket Palma, correspondente \u00e1 xornada 4 de Primeira FEB.<\/p>\n","protected":false},"excerpt":{"rendered":"<p>O Club B\u00e1squet Coru\u00f1a e Grupo Osmos, a trav\u00e9s do programa \u201c16 partidos, 16 causas\u201d, reco\u00f1eceron no partido desta fin de semana o labor da Asociaci\u00f3n de Familiares de Enfermos de Alzheimer da Coru\u00f1a (AFACO), unha entidade que desde fai m\u00e1is de tres d\u00e9cadas traballa para mellorar a calidade de vida das persoas afectadas por [&hellip;]<\/p>\n","protected":false},"author":7,"featured_media":9837,"comment_status":"closed","ping_status":"closed","sticky":false,"template":"","format":"standard","meta":{"inline_featured_image":false,"footnotes":""},"categories":[31],"tags":[],"class_list":["post-9807","post","type-post","status-publish","format-standard","has-post-thumbnail","hentry","category-actividades-gl"],"_links":{"self":[{"href":"https:\/\/basquetcoruna.com\/gl\/wp-json\/wp\/v2\/posts\/9807","targetHints":{"allow":["GET"]}}],"collection":[{"href":"https:\/\/basquetcoruna.com\/gl\/wp-json\/wp\/v2\/posts"}],"about":[{"href":"https:\/\/basquetcoruna.com\/gl\/wp-json\/wp\/v2\/types\/post"}],"author":[{"embeddable":true,"href":"https:\/\/basquetcoruna.com\/gl\/wp-json\/wp\/v2\/users\/7"}],"replies":[{"embeddable":true,"href":"https:\/\/basquetcoruna.com\/gl\/wp-json\/wp\/v2\/comments?post=9807"}],"version-history":[{"count":5,"href":"https:\/\/basquetcoruna.com\/gl\/wp-json\/wp\/v2\/posts\/9807\/revisions"}],"predecessor-version":[{"id":9848,"href":"https:\/\/basquetcoruna.com\/gl\/wp-json\/wp\/v2\/posts\/9807\/revisions\/9848"}],"wp:featuredmedia":[{"embeddable":true,"href":"https:\/\/basquetcoruna.com\/gl\/wp-json\/wp\/v2\/media\/9837"}],"wp:attachment":[{"href":"https:\/\/basquetcoruna.com\/gl\/wp-json\/wp\/v2\/media?parent=9807"}],"wp:term":[{"taxonomy":"category","embeddable":true,"href":"https:\/\/basquetcoruna.com\/gl\/wp-json\/wp\/v2\/categories?post=9807"},{"taxonomy":"post_tag","embeddable":true,"href":"https:\/\/basquetcoruna.com\/gl\/wp-json\/wp\/v2\/tags?post=9807"}],"curies":[{"name":"wp","href":"https:\/\/api.w.org\/{rel}","templated":true}]}}