{"id":9477,"date":"2025-09-26T22:08:59","date_gmt":"2025-09-26T20:08:59","guid":{"rendered":"https:\/\/basquetcoruna.com\/?p=9477"},"modified":"2025-09-26T22:13:13","modified_gmt":"2025-09-26T20:13:13","slug":"os-xogadores-do-leyma-coruna-agradecen-ao-canteiran-anxo-soto-a-sua-axuda-nos-entrenos-de-pretemporada","status":"publish","type":"post","link":"https:\/\/basquetcoruna.com\/gl\/os-xogadores-do-leyma-coruna-agradecen-ao-canteiran-anxo-soto-a-sua-axuda-nos-entrenos-de-pretemporada\/","title":{"rendered":"Os xogadores do Leyma Coru\u00f1a agradecen ao canteir\u00e1n Anxo Soto a s\u00faa axuda nos adestramentos da pretempada"},"content":{"rendered":"<p>O noso canteir\u00e1n junior Anxo Soto recibiu unha visita sorpresa durante o adestramento co seu equipo. Os xogadores do Leyma Coru\u00f1a acheg\u00e1ronse \u00e1 polideportiva de Riazor 2 para agradecer a Anxo a s\u00faa axuda na posta a piques da pretemporada, na que adestrou a diario co equipo profesional.<\/p>\n<p>Na v\u00e9spera de viaxar a Gipuzkoa para disputar o primeiro encontro de liga regular de Primeira FEB, a escuadra laranxa quixo ter un xesto especial con Anxo e regalarlle a camiseta coa que debutou na Copa Galicia celebrada no Coliseum, asinada por todos os xogadores, xunto con outras pezas do primeiro equipo.<\/p>\n<p>Grazas e parab\u00e9ns Anxo!<\/p>\n","protected":false},"excerpt":{"rendered":"<p>O noso canteir\u00e1n junior Anxo Soto recibiu unha visita sorpresa durante o adestramento co seu equipo. Os xogadores do Leyma Coru\u00f1a acheg\u00e1ronse \u00e1 polideportiva de Riazor 2 para agradecer a Anxo a s\u00faa axuda na posta a piques da pretemporada, na que adestrou a diario co equipo profesional. Na v\u00e9spera de viaxar a Gipuzkoa para [&hellip;]<\/p>\n","protected":false},"author":6,"featured_media":9474,"comment_status":"closed","ping_status":"closed","sticky":false,"template":"","format":"standard","meta":{"inline_featured_image":false,"footnotes":""},"categories":[1],"tags":[],"class_list":["post-9477","post","type-post","status-publish","format-standard","has-post-thumbnail","hentry","category-primer-equipo-gl"],"_links":{"self":[{"href":"https:\/\/basquetcoruna.com\/gl\/wp-json\/wp\/v2\/posts\/9477","targetHints":{"allow":["GET"]}}],"collection":[{"href":"https:\/\/basquetcoruna.com\/gl\/wp-json\/wp\/v2\/posts"}],"about":[{"href":"https:\/\/basquetcoruna.com\/gl\/wp-json\/wp\/v2\/types\/post"}],"author":[{"embeddable":true,"href":"https:\/\/basquetcoruna.com\/gl\/wp-json\/wp\/v2\/users\/6"}],"replies":[{"embeddable":true,"href":"https:\/\/basquetcoruna.com\/gl\/wp-json\/wp\/v2\/comments?post=9477"}],"version-history":[{"count":4,"href":"https:\/\/basquetcoruna.com\/gl\/wp-json\/wp\/v2\/posts\/9477\/revisions"}],"predecessor-version":[{"id":9481,"href":"https:\/\/basquetcoruna.com\/gl\/wp-json\/wp\/v2\/posts\/9477\/revisions\/9481"}],"wp:featuredmedia":[{"embeddable":true,"href":"https:\/\/basquetcoruna.com\/gl\/wp-json\/wp\/v2\/media\/9474"}],"wp:attachment":[{"href":"https:\/\/basquetcoruna.com\/gl\/wp-json\/wp\/v2\/media?parent=9477"}],"wp:term":[{"taxonomy":"category","embeddable":true,"href":"https:\/\/basquetcoruna.com\/gl\/wp-json\/wp\/v2\/categories?post=9477"},{"taxonomy":"post_tag","embeddable":true,"href":"https:\/\/basquetcoruna.com\/gl\/wp-json\/wp\/v2\/tags?post=9477"}],"curies":[{"name":"wp","href":"https:\/\/api.w.org\/{rel}","templated":true}]}}