{"id":9358,"date":"2025-09-25T11:30:29","date_gmt":"2025-09-25T09:30:29","guid":{"rendered":"https:\/\/basquetcoruna.com\/?p=9358"},"modified":"2025-09-25T11:34:24","modified_gmt":"2025-09-25T09:34:24","slug":"leyma-renova-o-seu-apoio-ao-club-basquet-coruna","status":"publish","type":"post","link":"https:\/\/basquetcoruna.com\/gl\/leyma-renova-o-seu-apoio-ao-club-basquet-coruna\/","title":{"rendered":"Leyma renova o seu apoio ao Club B\u00e1squet Coru\u00f1a"},"content":{"rendered":"<p>Leyma, marca pertencente ao Grupo Lence, empresa familiar 100% galega, \u00fanica empresa galega entre as tres que m\u00e1is leite recollen en Galicia e entre as oito primeiras l\u00e1cteas que operan en Espa\u00f1a, renovou a s\u00faa alianza co Club B\u00e1squet Coru\u00f1a.<br \/>\nA firma consolida novamente un patrocinio que perdura case d\u00faas d\u00e9cadas. O acto contou coa presenza do presidente de B\u00e1squet Coru\u00f1a, Pablo de Amallo e da presidenta do Grupo Lence, Carmen Lence, e celebrouse no contexto da visita que fixo o persoal \u00e1s instalaci\u00f3ns de Leyma en Arteixo (A Coru\u00f1a).<\/p>\n<p>Desde a s\u00faa estancia en LEB Prata ata a consecuci\u00f3n do ascenso \u00e1 liga Endesa, Leyma acompa\u00f1ou ao club en todas as s\u00faas etapas. Agora, neste novo tempo en Primeira FEB, a renovaci\u00f3n do acordo de patrocinio fortalece o compromiso da compa\u00f1\u00eda co equipo coru\u00f1\u00e9s, un compromiso que vai moito m\u00e1is al\u00e1 da categor\u00eda na que milite.<\/p>\n<p>Con este novo acordo, Leyma continuar\u00e1 formando parte do nome comercial do club e o seu logotipo estar\u00e1 presente no equipamento dos xogadores. En palabras de Carmen Lence, \u201cpara Leyma \u00e9 un orgullo seguir sendo parte desta historia. Estivemos a\u00ed nos momentos de gloria e tam\u00e9n nos retos m\u00e1is duros. O noso compromiso co Club B\u00e1squet Coru\u00f1a \u00e9 firme, porque cremos no valor do esforzo colectivo e porque nos une a paix\u00f3n polo club, a cidade e o baloncesto\u201d.<\/p>\n<p>Do mesmo xeito, Carmen Lence lembrou a homenaxe que o club rendeu ao seu pai, Jes\u00fas Lence, ao comezo da pasada tempada, cando se cumpr\u00edan cinco anos do seu falecemento. \u201cEste compromiso de Leyma co Club B\u00e1squet Coru\u00f1a empezouno o meu pai e non te\u00f1o d\u00fabidas de que estar\u00eda feliz de ver que seguimos apoiando ao club. A homenaxe do ano pasado l\u00e9mbroo con moito agarimo e quero aproveitar este momento para volver mostrar o meu agradecemento a todas as persoas que integran o Club B\u00e1squet Coru\u00f1a polo detalle que tiveron\u201d.<\/p>\n<p>Pola s\u00faa banda, o presidente do Club B\u00e1squet Coru\u00f1a, Pablo de Amallo, quixo destacar o papel esencial que tivo o Grupo Lence no fomento do baloncesto coru\u00f1\u00e9s e concretamente no fortalecemento da entidade laranxa. \u201cEsta tempada cumpriremos trinta anos de traxectoria e dous terzos deste cami\u00f1o percorr\u00e9molos grazas ao apoio constante de Jes\u00fas Lence, e agora da s\u00faa filla Carmen\u201d, asegurou de Amallo. \u201cGozamos e sufrimos xuntos, e nesta nova tempada seguiremos loitando coa m\u00e1xima ilusi\u00f3n para seguir estendendo os valores deste deporte apaixonante e para dar alegr\u00edas \u00e1 nosa afecci\u00f3n, sabendo que sen a fidelidade dun patrocinador como o que representa a marca Leyma nada disto ser\u00eda posible\u201d.<\/p>\n<p>Esta renovaci\u00f3n do patrocinio chega nun momento clave para o club, que esta fin de semana inicia a liga regular en Primeira FEB co claro obxectivo de loitar por acabar no m\u00e1is alto. Neste sentido, Carmen Lence apuntou que, \u201cao longo dos pr\u00f3ximos meses, do mesmo xeito que durante todos estes anos, contaredes co apoio de toda a familia de Leyma en cada partido\u201d.<\/p>\n","protected":false},"excerpt":{"rendered":"<p>Leyma, marca pertencente ao Grupo Lence, empresa familiar 100% galega, \u00fanica empresa galega entre as tres que m\u00e1is leite recollen en Galicia e entre as oito primeiras l\u00e1cteas que operan en Espa\u00f1a, renovou a s\u00faa alianza co Club B\u00e1squet Coru\u00f1a. A firma consolida novamente un patrocinio que perdura case d\u00faas d\u00e9cadas. O acto contou coa [&hellip;]<\/p>\n","protected":false},"author":6,"featured_media":9356,"comment_status":"closed","ping_status":"closed","sticky":false,"template":"","format":"standard","meta":{"inline_featured_image":false,"footnotes":""},"categories":[1],"tags":[],"class_list":["post-9358","post","type-post","status-publish","format-standard","has-post-thumbnail","hentry","category-primer-equipo-gl"],"_links":{"self":[{"href":"https:\/\/basquetcoruna.com\/gl\/wp-json\/wp\/v2\/posts\/9358","targetHints":{"allow":["GET"]}}],"collection":[{"href":"https:\/\/basquetcoruna.com\/gl\/wp-json\/wp\/v2\/posts"}],"about":[{"href":"https:\/\/basquetcoruna.com\/gl\/wp-json\/wp\/v2\/types\/post"}],"author":[{"embeddable":true,"href":"https:\/\/basquetcoruna.com\/gl\/wp-json\/wp\/v2\/users\/6"}],"replies":[{"embeddable":true,"href":"https:\/\/basquetcoruna.com\/gl\/wp-json\/wp\/v2\/comments?post=9358"}],"version-history":[{"count":1,"href":"https:\/\/basquetcoruna.com\/gl\/wp-json\/wp\/v2\/posts\/9358\/revisions"}],"predecessor-version":[{"id":9359,"href":"https:\/\/basquetcoruna.com\/gl\/wp-json\/wp\/v2\/posts\/9358\/revisions\/9359"}],"wp:featuredmedia":[{"embeddable":true,"href":"https:\/\/basquetcoruna.com\/gl\/wp-json\/wp\/v2\/media\/9356"}],"wp:attachment":[{"href":"https:\/\/basquetcoruna.com\/gl\/wp-json\/wp\/v2\/media?parent=9358"}],"wp:term":[{"taxonomy":"category","embeddable":true,"href":"https:\/\/basquetcoruna.com\/gl\/wp-json\/wp\/v2\/categories?post=9358"},{"taxonomy":"post_tag","embeddable":true,"href":"https:\/\/basquetcoruna.com\/gl\/wp-json\/wp\/v2\/tags?post=9358"}],"curies":[{"name":"wp","href":"https:\/\/api.w.org\/{rel}","templated":true}]}}