{"id":9350,"date":"2025-09-24T09:35:09","date_gmt":"2025-09-24T07:35:09","guid":{"rendered":"https:\/\/basquetcoruna.com\/?p=9350"},"modified":"2025-09-24T09:37:48","modified_gmt":"2025-09-24T07:37:48","slug":"primeiro-encontro-do-equipo-coa-afeccion-para-quentar-a-nova-tempada","status":"publish","type":"post","link":"https:\/\/basquetcoruna.com\/gl\/primeiro-encontro-do-equipo-coa-afeccion-para-quentar-a-nova-tempada\/","title":{"rendered":"Primeiro encontro do equipo coa afecci\u00f3n para quentar a nova tempada"},"content":{"rendered":"<p>Os xogadores do Leyma Coru\u00f1a celebraron o seu primeiro encontro coa afecci\u00f3n en Marineda City, nun acto que contou coa participaci\u00f3n do exxogador Fernando Romay e no que tampouco quixo faltar a nosa mascota Leymita.<\/p>\n<p>Grazas a todos os membros da Familia Laranxa que acompa\u00f1aron ao equipo nesta posta de longo, na que recibiron toda a calor da afecci\u00f3n para iniciar con forza e ilusi\u00f3n a nova tempada 2025-2026.<\/p>\n<p>#ACoru\u00f1aquereBasquet<\/p>\n","protected":false},"excerpt":{"rendered":"<p>Os xogadores do Leyma Coru\u00f1a celebraron o seu primeiro encontro coa afecci\u00f3n en Marineda City, nun acto que contou coa participaci\u00f3n do exxogador Fernando Romay e no que tampouco quixo faltar a nosa mascota Leymita. Grazas a todos os membros da Familia Laranxa que acompa\u00f1aron ao equipo nesta posta de longo, na que recibiron toda [&hellip;]<\/p>\n","protected":false},"author":6,"featured_media":9349,"comment_status":"closed","ping_status":"closed","sticky":false,"template":"","format":"standard","meta":{"inline_featured_image":false,"footnotes":""},"categories":[1],"tags":[],"class_list":["post-9350","post","type-post","status-publish","format-standard","has-post-thumbnail","hentry","category-primer-equipo-gl"],"_links":{"self":[{"href":"https:\/\/basquetcoruna.com\/gl\/wp-json\/wp\/v2\/posts\/9350","targetHints":{"allow":["GET"]}}],"collection":[{"href":"https:\/\/basquetcoruna.com\/gl\/wp-json\/wp\/v2\/posts"}],"about":[{"href":"https:\/\/basquetcoruna.com\/gl\/wp-json\/wp\/v2\/types\/post"}],"author":[{"embeddable":true,"href":"https:\/\/basquetcoruna.com\/gl\/wp-json\/wp\/v2\/users\/6"}],"replies":[{"embeddable":true,"href":"https:\/\/basquetcoruna.com\/gl\/wp-json\/wp\/v2\/comments?post=9350"}],"version-history":[{"count":1,"href":"https:\/\/basquetcoruna.com\/gl\/wp-json\/wp\/v2\/posts\/9350\/revisions"}],"predecessor-version":[{"id":9351,"href":"https:\/\/basquetcoruna.com\/gl\/wp-json\/wp\/v2\/posts\/9350\/revisions\/9351"}],"wp:featuredmedia":[{"embeddable":true,"href":"https:\/\/basquetcoruna.com\/gl\/wp-json\/wp\/v2\/media\/9349"}],"wp:attachment":[{"href":"https:\/\/basquetcoruna.com\/gl\/wp-json\/wp\/v2\/media?parent=9350"}],"wp:term":[{"taxonomy":"category","embeddable":true,"href":"https:\/\/basquetcoruna.com\/gl\/wp-json\/wp\/v2\/categories?post=9350"},{"taxonomy":"post_tag","embeddable":true,"href":"https:\/\/basquetcoruna.com\/gl\/wp-json\/wp\/v2\/tags?post=9350"}],"curies":[{"name":"wp","href":"https:\/\/api.w.org\/{rel}","templated":true}]}}