{"id":9304,"date":"2025-09-16T11:00:36","date_gmt":"2025-09-16T09:00:36","guid":{"rendered":"https:\/\/basquetcoruna.com\/?p=9304"},"modified":"2025-09-16T11:00:36","modified_gmt":"2025-09-16T09:00:36","slug":"ven-a-conecer-aos-nosos-xogadores-da-tempada-25-26","status":"publish","type":"post","link":"https:\/\/basquetcoruna.com\/gl\/ven-a-conecer-aos-nosos-xogadores-da-tempada-25-26\/","title":{"rendered":"Ven a co\u00f1ecer aos nosos xogadores da Tempada 25\/26!"},"content":{"rendered":"<p>A nosa nova tempada arrinca cun evento moi especial en Marineda City: a presentaci\u00f3n do Leyma Coru\u00f1a. Un encontro pensado para todos os afeccionados da Familia Laranxa que levades o escudo no coraz\u00f3n e non queredes esperar m\u00e1is para animar ao noso equipo nesta tempada que promete.<\/p>\n<p>Ser\u00e1 unha tarde divertida que contar\u00e1 cunha charla motivacional do exxogador de baloncesto coru\u00f1\u00e9s, Fernando Romay, e que ser\u00e1 a antesala para a presentaci\u00f3n dos nosos novos xogadores e da nosa querida mascota Leymita.<\/p>\n<p>\ud83d\udccd Localizaci\u00f3n: Planta 2 (en fronte a Karting Marineda)<br \/>\n\ud83d\udcc6 Data: Xoves, 18 de setembro<br \/>\n\ud83d\udd56 Hora: 19h<br \/>\n\ud83c\udf81 Os xogadores lanzar\u00e1n bal\u00f3ns ao p\u00fablico con premios que poder\u00e1s trocar no Punto de Informaci\u00f3n da Porta B.<\/p>\n","protected":false},"excerpt":{"rendered":"<p>A nosa nova tempada arrinca cun evento moi especial en Marineda City: a presentaci\u00f3n do Leyma Coru\u00f1a. Un encontro pensado para todos os afeccionados da Familia Laranxa que levades o escudo no coraz\u00f3n e non queredes esperar m\u00e1is para animar ao noso equipo nesta tempada que promete. Ser\u00e1 unha tarde divertida que contar\u00e1 cunha charla [&hellip;]<\/p>\n","protected":false},"author":7,"featured_media":9302,"comment_status":"closed","ping_status":"closed","sticky":false,"template":"","format":"standard","meta":{"inline_featured_image":false,"footnotes":""},"categories":[1],"tags":[],"class_list":["post-9304","post","type-post","status-publish","format-standard","has-post-thumbnail","hentry","category-primer-equipo-gl"],"_links":{"self":[{"href":"https:\/\/basquetcoruna.com\/gl\/wp-json\/wp\/v2\/posts\/9304","targetHints":{"allow":["GET"]}}],"collection":[{"href":"https:\/\/basquetcoruna.com\/gl\/wp-json\/wp\/v2\/posts"}],"about":[{"href":"https:\/\/basquetcoruna.com\/gl\/wp-json\/wp\/v2\/types\/post"}],"author":[{"embeddable":true,"href":"https:\/\/basquetcoruna.com\/gl\/wp-json\/wp\/v2\/users\/7"}],"replies":[{"embeddable":true,"href":"https:\/\/basquetcoruna.com\/gl\/wp-json\/wp\/v2\/comments?post=9304"}],"version-history":[{"count":1,"href":"https:\/\/basquetcoruna.com\/gl\/wp-json\/wp\/v2\/posts\/9304\/revisions"}],"predecessor-version":[{"id":9306,"href":"https:\/\/basquetcoruna.com\/gl\/wp-json\/wp\/v2\/posts\/9304\/revisions\/9306"}],"wp:featuredmedia":[{"embeddable":true,"href":"https:\/\/basquetcoruna.com\/gl\/wp-json\/wp\/v2\/media\/9302"}],"wp:attachment":[{"href":"https:\/\/basquetcoruna.com\/gl\/wp-json\/wp\/v2\/media?parent=9304"}],"wp:term":[{"taxonomy":"category","embeddable":true,"href":"https:\/\/basquetcoruna.com\/gl\/wp-json\/wp\/v2\/categories?post=9304"},{"taxonomy":"post_tag","embeddable":true,"href":"https:\/\/basquetcoruna.com\/gl\/wp-json\/wp\/v2\/tags?post=9304"}],"curies":[{"name":"wp","href":"https:\/\/api.w.org\/{rel}","templated":true}]}}