{"id":9020,"date":"2025-08-11T17:56:34","date_gmt":"2025-08-11T15:56:34","guid":{"rendered":"https:\/\/basquetcoruna.com\/?p=9020"},"modified":"2025-08-11T17:59:36","modified_gmt":"2025-08-11T15:59:36","slug":"ilimane-diop-talento-contrastado-para-a-zona-laranxa","status":"publish","type":"post","link":"https:\/\/basquetcoruna.com\/gl\/ilimane-diop-talento-contrastado-para-a-zona-laranxa\/","title":{"rendered":"Ilimane Diop, talento contrastado para a zona laranxa"},"content":{"rendered":"<p>O Leyma Coru\u00f1a anuncia a chegada dun novo xogador para o seu equipo da tempada 25-26. Ilimane Diop Gaye (Dakar, Senegal, 4 de abril do 1995; 210cm) \u00e9 un pivote cunha ampla carreira na Liga Endesa que destaca pola s\u00faa envergadura e a s\u00faa capacidade de anotar dende a sa\u00edda do bloqueo directo.<\/p>\n<p>Diop aterrou en Vitoria con 16 anos para alistarse nas categor\u00edas inferiores de Baskonia, pero tardar\u00eda pouco en dar o salto ao primeiro equipo, previas cesi\u00f3ns no Araberri e no UPV \u00c1lava. No Buesa Area pasou nove tempadas dende 2013 ata 2021, o que lle outorga o premio de ser o xogador con m\u00e1is partidos na Euroliga vestindo a camiseta baskonista.<\/p>\n<p>Tras sa\u00edr de Vitoria xogou en Gran Canaria e Murcia nas d\u00faas seguintes campa\u00f1as respectivamente. En 2023 asinou pola Lagoa Tenerife, equipo no que militou dende ent\u00f3n ata xaneiro deste ano. Continuou a s\u00faa tempada no Ao Riyadi liban\u00e9s, onde promediou 12.6 puntos e 8.7 rebotes por partido en once encontros, xusto antes de facer as maletas a Iraq, onde xogou catro partidos para pechar a campa\u00f1a no Ao-Difaa.<\/p>\n<p>Ilimane \u00e9 un xogador moi influente na parcela defensiva pola s\u00faa gran envergadura e a s\u00faa capacidade de colocarse no lugar preciso para as\u00ed condicionar os tiros do rival. En ataque, \u00e9 capaz de xerar moitas vantaxes dende o bloqueo directo tanto continuando ata o aro como abr\u00edndose para lanzar dende a media distancia ou desde o triplo. Tam\u00e9n \u00e9 un seguro no rebote polas s\u00faas calidades f\u00edsicas.<\/p>\n<p>Benvido ao club e \u00e1 Coru\u00f1a, Ilimane!<\/p>\n","protected":false},"excerpt":{"rendered":"<p>O Leyma Coru\u00f1a anuncia a chegada dun novo xogador para o seu equipo da tempada 25-26. Ilimane Diop Gaye (Dakar, Senegal, 4 de abril do 1995; 210cm) \u00e9 un pivote cunha ampla carreira na Liga Endesa que destaca pola s\u00faa envergadura e a s\u00faa capacidade de anotar dende a sa\u00edda do bloqueo directo. Diop aterrou [&hellip;]<\/p>\n","protected":false},"author":7,"featured_media":9017,"comment_status":"closed","ping_status":"closed","sticky":false,"template":"","format":"standard","meta":{"inline_featured_image":false,"footnotes":""},"categories":[1],"tags":[],"class_list":["post-9020","post","type-post","status-publish","format-standard","has-post-thumbnail","hentry","category-primer-equipo-gl"],"_links":{"self":[{"href":"https:\/\/basquetcoruna.com\/gl\/wp-json\/wp\/v2\/posts\/9020","targetHints":{"allow":["GET"]}}],"collection":[{"href":"https:\/\/basquetcoruna.com\/gl\/wp-json\/wp\/v2\/posts"}],"about":[{"href":"https:\/\/basquetcoruna.com\/gl\/wp-json\/wp\/v2\/types\/post"}],"author":[{"embeddable":true,"href":"https:\/\/basquetcoruna.com\/gl\/wp-json\/wp\/v2\/users\/7"}],"replies":[{"embeddable":true,"href":"https:\/\/basquetcoruna.com\/gl\/wp-json\/wp\/v2\/comments?post=9020"}],"version-history":[{"count":2,"href":"https:\/\/basquetcoruna.com\/gl\/wp-json\/wp\/v2\/posts\/9020\/revisions"}],"predecessor-version":[{"id":9022,"href":"https:\/\/basquetcoruna.com\/gl\/wp-json\/wp\/v2\/posts\/9020\/revisions\/9022"}],"wp:featuredmedia":[{"embeddable":true,"href":"https:\/\/basquetcoruna.com\/gl\/wp-json\/wp\/v2\/media\/9017"}],"wp:attachment":[{"href":"https:\/\/basquetcoruna.com\/gl\/wp-json\/wp\/v2\/media?parent=9020"}],"wp:term":[{"taxonomy":"category","embeddable":true,"href":"https:\/\/basquetcoruna.com\/gl\/wp-json\/wp\/v2\/categories?post=9020"},{"taxonomy":"post_tag","embeddable":true,"href":"https:\/\/basquetcoruna.com\/gl\/wp-json\/wp\/v2\/tags?post=9020"}],"curies":[{"name":"wp","href":"https:\/\/api.w.org\/{rel}","templated":true}]}}