{"id":8397,"date":"2025-06-04T10:02:15","date_gmt":"2025-06-04T08:02:15","guid":{"rendered":"https:\/\/basquetcoruna.com\/o-club-basquet-coruna-e-diego-epifanio-separan-os-seus-caminos\/"},"modified":"2025-06-09T11:55:07","modified_gmt":"2025-06-09T09:55:07","slug":"o-club-basquet-coruna-e-diego-epifanio-separan-os-seus-caminos","status":"publish","type":"post","link":"https:\/\/basquetcoruna.com\/gl\/o-club-basquet-coruna-e-diego-epifanio-separan-os-seus-caminos\/","title":{"rendered":"O Club B\u00e1squet Coru\u00f1a e Diego Epifanio separan os seus cami\u00f1os"},"content":{"rendered":"<p>Diego Epifanio termina a s\u00faa etapa \u00e1 fronte do Leyma Coru\u00f1a. A entidade laranxa agradece a Epi a s\u00faa demostrada profesionalidade e compromiso nas tres tempadas ao mando do Leyma Coru\u00f1a, especialmente a s\u00faa decisiva contribuci\u00f3n ao ascenso \u00e1 liga Endesa tras obter ou t\u00edtulo de campi\u00f3ns d\u00e1 LEB Oro na pasada campa\u00f1a 2023-2024.<\/p>\n<p>Na primeira tempada de Epi non Club (2022-2023), ou Leyma Coru\u00f1a finalizou non terceiro posto d\u00e1 liga regular d\u00e1 LEB Oro, a mellor clasificaci\u00f3n alcanzada polos laranxas ata a data, a\u00ednda que nos play off de ascenso ou equipo cedeu non cuarto partido dous cuartos de final #ante ou Gipuzkoa Basket, qued\u00e1ndose \u00e1s portas d\u00e1 Final Four. A iso seguiulle a inesquecible tempada 2023-2024, na que ou Leyma Coru\u00f1a proclamouse campi\u00f3n d\u00e1 segunda categor\u00eda do baloncesto espa\u00f1ol, un fito hist\u00f3rico conquistado por primeira vez c\u00e1senos trinta anos de vida do club herculino. Na mesma tempada ou equipo laranxa disputou ademais por primeira vez unha final de Copa Princesa.<\/p>\n<p>Pablo de Amallo, presidente do Club B\u00e1squet Coru\u00f1a, manifestou que \u201cEpi pasou a formar parte d\u00e1 nosa mellor historia e desex\u00e1moslle todo tipo de \u00e9xitos na s\u00faa nova etapa a nivel persoal e profesional. Axudounos a cumprir un so\u00f1o, sempre estaremos enormemente agradecidos e en d\u00e9beda co, non s\u00f3 polo seu traballo ao mando do primeiro equipo sen\u00f3n pola s\u00faa achega indubidable non crecemento d\u00e1 masa social en torno ao proxecto e non impulso d\u00e1 afecci\u00f3n ao baloncesto na Coru\u00f1a\u201d.<\/p>\n<p>GRAZAS por tanto, Epi!<\/p>\n","protected":false},"excerpt":{"rendered":"<p>Diego Epifanio termina a s\u00faa etapa \u00e1 fronte do Leyma Coru\u00f1a. A entidade laranxa agradece a Epi a s\u00faa demostrada profesionalidade e compromiso nas tres tempadas ao mando do Leyma Coru\u00f1a, especialmente a s\u00faa decisiva contribuci\u00f3n ao ascenso \u00e1 liga Endesa tras obter ou t\u00edtulo de campi\u00f3ns d\u00e1 LEB Oro na pasada campa\u00f1a 2023-2024. Na [&hellip;]<\/p>\n","protected":false},"author":7,"featured_media":8389,"comment_status":"closed","ping_status":"closed","sticky":false,"template":"","format":"standard","meta":{"inline_featured_image":false,"footnotes":""},"categories":[1],"tags":[],"class_list":["post-8397","post","type-post","status-publish","format-standard","has-post-thumbnail","hentry","category-primer-equipo-gl"],"_links":{"self":[{"href":"https:\/\/basquetcoruna.com\/gl\/wp-json\/wp\/v2\/posts\/8397","targetHints":{"allow":["GET"]}}],"collection":[{"href":"https:\/\/basquetcoruna.com\/gl\/wp-json\/wp\/v2\/posts"}],"about":[{"href":"https:\/\/basquetcoruna.com\/gl\/wp-json\/wp\/v2\/types\/post"}],"author":[{"embeddable":true,"href":"https:\/\/basquetcoruna.com\/gl\/wp-json\/wp\/v2\/users\/7"}],"replies":[{"embeddable":true,"href":"https:\/\/basquetcoruna.com\/gl\/wp-json\/wp\/v2\/comments?post=8397"}],"version-history":[{"count":2,"href":"https:\/\/basquetcoruna.com\/gl\/wp-json\/wp\/v2\/posts\/8397\/revisions"}],"predecessor-version":[{"id":8410,"href":"https:\/\/basquetcoruna.com\/gl\/wp-json\/wp\/v2\/posts\/8397\/revisions\/8410"}],"wp:featuredmedia":[{"embeddable":true,"href":"https:\/\/basquetcoruna.com\/gl\/wp-json\/wp\/v2\/media\/8389"}],"wp:attachment":[{"href":"https:\/\/basquetcoruna.com\/gl\/wp-json\/wp\/v2\/media?parent=8397"}],"wp:term":[{"taxonomy":"category","embeddable":true,"href":"https:\/\/basquetcoruna.com\/gl\/wp-json\/wp\/v2\/categories?post=8397"},{"taxonomy":"post_tag","embeddable":true,"href":"https:\/\/basquetcoruna.com\/gl\/wp-json\/wp\/v2\/tags?post=8397"}],"curies":[{"name":"wp","href":"https:\/\/api.w.org\/{rel}","templated":true}]}}