{"id":12964,"date":"2026-09-04T12:54:13","date_gmt":"2026-09-04T11:54:13","guid":{"rendered":"https:\/\/basquetcoruna.com\/?p=12964"},"modified":"2026-09-04T14:17:29","modified_gmt":"2026-09-04T13:17:29","slug":"a-arroutada-do-basquet-coruna-vistese-de-laranxa-e-negro-o-club-presenta-as-suas-novas-camisetas","status":"publish","type":"post","link":"https:\/\/basquetcoruna.com\/gl\/a-arroutada-do-basquet-coruna-vistese-de-laranxa-e-negro-o-club-presenta-as-suas-novas-camisetas\/","title":{"rendered":"A arroutada do B\u00e1squet Coru\u00f1a v\u00edstese de laranxa e negro: o club presenta as s\u00faas novas camisetas"},"content":{"rendered":"<p>O Club B\u00e1squet Coru\u00f1a presentou hoxe as s\u00faas novas camisetas para a pr\u00f3xima tempada, uns equipamentos que converten a identidade da cidade nun dos grandes protagonistas do regreso do club \u00e1 ACB. Dese\u00f1adas por Bordisport, novo provedor da entidade laranxa, as d\u00faas camisetas mante\u00f1en unha marcada esencia coru\u00f1esa e est\u00e1n cheas de referencias a alg\u00fans dos s\u00edmbolos m\u00e1is reconocibles da Coru\u00f1a.<\/p>\n<p>O primeiro equipamento mant\u00e9n a tradicional cor laranxa do Leyma Coru\u00f1a e incorpora diferentes detalles inspirados nas galer\u00edas da Mari\u00f1a da Coru\u00f1a. No frontal aparece, ademais, serigrafiada a escultura de Mar\u00eda Pita, un das grandes iconas da cidade.<\/p>\n<p>A segunda camiseta aposta polo negro como cor principal, acompa\u00f1ado de detalles en amarelo en homenaxe \u00e1s orixes e historia da entidade, cando o primeiro equipo compet\u00eda baixo a denominaci\u00f3n &#8216;Sondeos del Norte&#8217; e vest\u00eda de amarelo. Nos costados aparecen as lanzas da escultura de Mar\u00eda Pita, trasladando de novo un dos elementos m\u00e1is reco\u00f1ecibles da urbe ao dese\u00f1o do equipamento.<\/p>\n<p>Pero as referencias \u00e1 Coru\u00f1a e \u00e1 historia do club non quedan unicamente no exterior. No interior das camisetas tam\u00e9n pode lerse o lema \u00ab\u00c9 o momento da nosa arroutada\u00bb, unha frase que resume o esp\u00edrito co que o Club B\u00e1squet Coru\u00f1a afronta o seu regreso \u00e1 m\u00e1xima categor\u00eda do baloncesto espa\u00f1ol.<\/p>\n<p>A presentaci\u00f3n dos novos equipamentos realizouse mediante un v\u00eddeo gravado no Concello d\u00e1 #o Coru\u00f1a, no que a historia de Mar\u00eda Pita \u00fanese ao relato do Leyma Coru\u00f1a. O lema \u00ab\u00c9 o momento da nosa arroutada\u00bb serve como f\u00edo condutor dunha peza que pon o foco na cidade, nas s\u00faas xentes, na historia e no sentimento de pertenza que acompa\u00f1a ao club.<\/p>\n<p>O v\u00eddeo est\u00e1 narrado polo actor Manuel Burque e conta coa participaci\u00f3n de diferentes persoas vinculadas \u00e1 entidade laranxa e \u00e1 Coru\u00f1a: Nuno Cascales, Ux\u00eda Cascales e Blanca Gracia, xogadores da canteira; Xurxo Souto, co\u00f1ecido m\u00fasico coru\u00f1\u00e9s e l\u00edder de &#8216;Os Diplom\u00e1ticos de Montealto&#8217;; Pablo Alonso, abonado n\u00famero 3 do club; e os xogadores do primeiro equipo Lukas Uleckas e Paul Jorgensen.<\/p>\n<p>Con esta presentaci\u00f3n, o club herculino reivindica unha vez m\u00e1is o seu v\u00ednculo coa Coru\u00f1a e traslada esa identidade tam\u00e9n \u00e1 pista: d\u00faas camisetas diferentes, pero cun mesmo denominador com\u00fan, A Coru\u00f1a.<\/p>\n<p><strong>\u00daltima oportunidade para abonarse e cita co Teresa Herrera<\/strong><\/p>\n<p>O Club B\u00e1squet Coru\u00f1a mant\u00e9n aberto o prazo extraordinario para facerse abonado, que comezou hai case unha semana. Tr\u00e1tase da \u00faltima oportunidade para facerse abonado do Club B\u00e1squet Coru\u00f1a no seu regreso \u00e1 ACB e acompa\u00f1ar ao equipo durante a s\u00faa volta \u00e1 m\u00e1xima categor\u00eda do baloncesto espa\u00f1ol.<\/p>\n<p>Ademais, o venres 18 de setembro, \u00e1s 19.00 horas, o Palacio dos Deportes de Riazor acoller\u00e1 o Trofeo Teresa Herrera, no que o Leyma Coru\u00f1a enfrontarase ao B\u00e0squet Manresa.<\/p>\n<p>A venda en li\u00f1a de entradas xa est\u00e1 aberta, cos seguintes prezos:<\/p>\n<p>\u2022 Abonados adultos: 10 euros.<br \/>\n\u2022 Abonados infant\u00eds: 5 euros (nados desde o 1 de xaneiro de 2011).<br \/>\n\u2022 Non abonados adultos: 12 euros.<br \/>\n\u2022 Non abonados infant\u00eds: 7 euros (nados desde o 1 de xaneiro de 2011).<\/p>\n<p>O Club B\u00e1squet Coru\u00f1a anima a toda a afecci\u00f3n a encher o Palacio dos Deportes de Riazor e acompa\u00f1ar ao equipo nunha nova cita co Teresa Herrera, nunha tempada especialmente ilusionante marcada polo regreso \u00e1 ACB.<\/p>\n","protected":false},"excerpt":{"rendered":"<p>O Club B\u00e1squet Coru\u00f1a presentou hoxe as s\u00faas novas camisetas para a pr\u00f3xima tempada, uns equipamentos que converten a identidade da cidade nun dos grandes protagonistas do regreso do club \u00e1 ACB. Dese\u00f1adas por Bordisport, novo provedor da entidade laranxa, as d\u00faas camisetas mante\u00f1en unha marcada esencia coru\u00f1esa e est\u00e1n cheas de referencias a alg\u00fans [&hellip;]<\/p>\n","protected":false},"author":6,"featured_media":12961,"comment_status":"closed","ping_status":"closed","sticky":false,"template":"","format":"standard","meta":{"inline_featured_image":false,"footnotes":""},"categories":[1],"tags":[],"class_list":["post-12964","post","type-post","status-publish","format-standard","has-post-thumbnail","hentry","category-primer-equipo-gl"],"_links":{"self":[{"href":"https:\/\/basquetcoruna.com\/gl\/wp-json\/wp\/v2\/posts\/12964","targetHints":{"allow":["GET"]}}],"collection":[{"href":"https:\/\/basquetcoruna.com\/gl\/wp-json\/wp\/v2\/posts"}],"about":[{"href":"https:\/\/basquetcoruna.com\/gl\/wp-json\/wp\/v2\/types\/post"}],"author":[{"embeddable":true,"href":"https:\/\/basquetcoruna.com\/gl\/wp-json\/wp\/v2\/users\/6"}],"replies":[{"embeddable":true,"href":"https:\/\/basquetcoruna.com\/gl\/wp-json\/wp\/v2\/comments?post=12964"}],"version-history":[{"count":6,"href":"https:\/\/basquetcoruna.com\/gl\/wp-json\/wp\/v2\/posts\/12964\/revisions"}],"predecessor-version":[{"id":12970,"href":"https:\/\/basquetcoruna.com\/gl\/wp-json\/wp\/v2\/posts\/12964\/revisions\/12970"}],"wp:featuredmedia":[{"embeddable":true,"href":"https:\/\/basquetcoruna.com\/gl\/wp-json\/wp\/v2\/media\/12961"}],"wp:attachment":[{"href":"https:\/\/basquetcoruna.com\/gl\/wp-json\/wp\/v2\/media?parent=12964"}],"wp:term":[{"taxonomy":"category","embeddable":true,"href":"https:\/\/basquetcoruna.com\/gl\/wp-json\/wp\/v2\/categories?post=12964"},{"taxonomy":"post_tag","embeddable":true,"href":"https:\/\/basquetcoruna.com\/gl\/wp-json\/wp\/v2\/tags?post=12964"}],"curies":[{"name":"wp","href":"https:\/\/api.w.org\/{rel}","templated":true}]}}