{"id":12172,"date":"2026-04-30T13:11:10","date_gmt":"2026-04-30T12:11:10","guid":{"rendered":"https:\/\/basquetcoruna.com\/?p=12172"},"modified":"2026-04-30T13:11:10","modified_gmt":"2026-04-30T12:11:10","slug":"carles-marco-previa-fibwi-mallorca-basquet-palma-leyma-coruna","status":"publish","type":"post","link":"https:\/\/basquetcoruna.com\/gl\/carles-marco-previa-fibwi-mallorca-basquet-palma-leyma-coruna\/","title":{"rendered":"Carles Marco \u2013 Previa Fibwi Mallorca Basquet Palma &#8211; Leyma Coru\u00f1a"},"content":{"rendered":"<p>Carles Marco, na previa ao partido entre Fibwi Mallorca Basquet Palma e Leyma Coru\u00f1a deste domingo 3 de maio \u00e1s 18.00: \u00abO que depende de n\u00f3s \u00e9 acabar o mellor posible a liga regular e continuar con boas sensaci\u00f3ns\u00bb<\/p>\n<p><iframe loading=\"lazy\" title=\"RP Previa J33 | Carles Marco\" width=\"800\" height=\"450\" src=\"https:\/\/www.youtube.com\/embed\/rMfjv48kKCo?feature=oembed\" frameborder=\"0\" allow=\"accelerometer; autoplay; clipboard-write; encrypted-media; gyroscope; picture-in-picture; web-share\" referrerpolicy=\"strict-origin-when-cross-origin\" allowfullscreen><\/iframe><\/p>\n","protected":false},"excerpt":{"rendered":"<p>Carles Marco, na previa ao partido entre Fibwi Mallorca Basquet Palma e Leyma Coru\u00f1a deste domingo 3 de maio \u00e1s 18.00: \u00abO que depende de n\u00f3s \u00e9 acabar o mellor posible a liga regular e continuar con boas sensaci\u00f3ns\u00bb<\/p>\n","protected":false},"author":7,"featured_media":12174,"comment_status":"closed","ping_status":"closed","sticky":false,"template":"","format":"standard","meta":{"inline_featured_image":false,"footnotes":""},"categories":[1],"tags":[],"class_list":["post-12172","post","type-post","status-publish","format-standard","has-post-thumbnail","hentry","category-primer-equipo-gl"],"_links":{"self":[{"href":"https:\/\/basquetcoruna.com\/gl\/wp-json\/wp\/v2\/posts\/12172","targetHints":{"allow":["GET"]}}],"collection":[{"href":"https:\/\/basquetcoruna.com\/gl\/wp-json\/wp\/v2\/posts"}],"about":[{"href":"https:\/\/basquetcoruna.com\/gl\/wp-json\/wp\/v2\/types\/post"}],"author":[{"embeddable":true,"href":"https:\/\/basquetcoruna.com\/gl\/wp-json\/wp\/v2\/users\/7"}],"replies":[{"embeddable":true,"href":"https:\/\/basquetcoruna.com\/gl\/wp-json\/wp\/v2\/comments?post=12172"}],"version-history":[{"count":1,"href":"https:\/\/basquetcoruna.com\/gl\/wp-json\/wp\/v2\/posts\/12172\/revisions"}],"predecessor-version":[{"id":12177,"href":"https:\/\/basquetcoruna.com\/gl\/wp-json\/wp\/v2\/posts\/12172\/revisions\/12177"}],"wp:featuredmedia":[{"embeddable":true,"href":"https:\/\/basquetcoruna.com\/gl\/wp-json\/wp\/v2\/media\/12174"}],"wp:attachment":[{"href":"https:\/\/basquetcoruna.com\/gl\/wp-json\/wp\/v2\/media?parent=12172"}],"wp:term":[{"taxonomy":"category","embeddable":true,"href":"https:\/\/basquetcoruna.com\/gl\/wp-json\/wp\/v2\/categories?post=12172"},{"taxonomy":"post_tag","embeddable":true,"href":"https:\/\/basquetcoruna.com\/gl\/wp-json\/wp\/v2\/tags?post=12172"}],"curies":[{"name":"wp","href":"https:\/\/api.w.org\/{rel}","templated":true}]}}