{"id":10119,"date":"2025-11-07T13:35:22","date_gmt":"2025-11-07T11:35:22","guid":{"rendered":"https:\/\/basquetcoruna.com\/?p=10119"},"modified":"2025-11-07T13:35:22","modified_gmt":"2025-11-07T11:35:22","slug":"didac-cuevas-xogador-estrella-galicia-de-outubro","status":"publish","type":"post","link":"https:\/\/basquetcoruna.com\/gl\/didac-cuevas-xogador-estrella-galicia-de-outubro\/","title":{"rendered":"D\u00eddac Cuevas \u2013 Xogador Estrella Galicia de Outubro"},"content":{"rendered":"<p>D\u00eddac Cuevas inaugura esta tempada o galard\u00f3n \u201cXogador Estrela Galicia\u201d, alz\u00e1ndose co MVP de Outubro, tras un mes de competici\u00f3n ligueira. O base do conxunto laranxa recolleu o premio esta ma\u00f1\u00e1 no Coliseum da Coru\u00f1a.<\/p>\n<p>O catal\u00e1n obt\u00e9n as\u00ed este reco\u00f1ecemento ao ser o m\u00e1is votado polos afeccionados coru\u00f1eses a trav\u00e9s das redes sociais do club. D\u00eddac superou na votaci\u00f3n a Paul Jorgensen e Abdou Thiam.<\/p>\n<p>O xogador do conxunto herculino comentou \u201cestamos no mes de novembro e os premios individuais non dan ningunha recompensa, a\u00ednda que \u00e9 verdade que a nivel de confianza sempre v\u00e9n ben e \u00e9 bonito, pero o que importa \u00e9 o colectivo\u201d.<\/p>\n<p>Por outra banda, engadiu que \u201cse saen ben as cousas no individual \u00e9 porque te\u00f1o ao redor xente que me axuda no d\u00eda a d\u00eda e tam\u00e9n isto \u00e9 seu. Hoxe son eu, pero o bo deste equipo \u00e9 que cada d\u00eda sae un. Toca seguir traballando\u201d.<\/p>\n","protected":false},"excerpt":{"rendered":"<p>D\u00eddac Cuevas inaugura esta tempada o galard\u00f3n \u201cXogador Estrela Galicia\u201d, alz\u00e1ndose co MVP de Outubro, tras un mes de competici\u00f3n ligueira. O base do conxunto laranxa recolleu o premio esta ma\u00f1\u00e1 no Coliseum da Coru\u00f1a. O catal\u00e1n obt\u00e9n as\u00ed este reco\u00f1ecemento ao ser o m\u00e1is votado polos afeccionados coru\u00f1eses a trav\u00e9s das redes sociais do [&hellip;]<\/p>\n","protected":false},"author":7,"featured_media":10120,"comment_status":"closed","ping_status":"closed","sticky":false,"template":"","format":"standard","meta":{"inline_featured_image":false,"footnotes":""},"categories":[1],"tags":[],"class_list":["post-10119","post","type-post","status-publish","format-standard","has-post-thumbnail","hentry","category-primer-equipo-gl"],"_links":{"self":[{"href":"https:\/\/basquetcoruna.com\/gl\/wp-json\/wp\/v2\/posts\/10119","targetHints":{"allow":["GET"]}}],"collection":[{"href":"https:\/\/basquetcoruna.com\/gl\/wp-json\/wp\/v2\/posts"}],"about":[{"href":"https:\/\/basquetcoruna.com\/gl\/wp-json\/wp\/v2\/types\/post"}],"author":[{"embeddable":true,"href":"https:\/\/basquetcoruna.com\/gl\/wp-json\/wp\/v2\/users\/7"}],"replies":[{"embeddable":true,"href":"https:\/\/basquetcoruna.com\/gl\/wp-json\/wp\/v2\/comments?post=10119"}],"version-history":[{"count":1,"href":"https:\/\/basquetcoruna.com\/gl\/wp-json\/wp\/v2\/posts\/10119\/revisions"}],"predecessor-version":[{"id":10123,"href":"https:\/\/basquetcoruna.com\/gl\/wp-json\/wp\/v2\/posts\/10119\/revisions\/10123"}],"wp:featuredmedia":[{"embeddable":true,"href":"https:\/\/basquetcoruna.com\/gl\/wp-json\/wp\/v2\/media\/10120"}],"wp:attachment":[{"href":"https:\/\/basquetcoruna.com\/gl\/wp-json\/wp\/v2\/media?parent=10119"}],"wp:term":[{"taxonomy":"category","embeddable":true,"href":"https:\/\/basquetcoruna.com\/gl\/wp-json\/wp\/v2\/categories?post=10119"},{"taxonomy":"post_tag","embeddable":true,"href":"https:\/\/basquetcoruna.com\/gl\/wp-json\/wp\/v2\/tags?post=10119"}],"curies":[{"name":"wp","href":"https:\/\/api.w.org\/{rel}","templated":true}]}}